{"id":19510,"date":"2026-01-14T11:00:46","date_gmt":"2026-01-14T10:00:46","guid":{"rendered":"https:\/\/www.bio-sistemak.eus\/?p=19510"},"modified":"2026-01-14T11:18:46","modified_gmt":"2026-01-14T10:18:46","slug":"maila-sozioekonomikoak-kolon-ondesteko-eta-bularreko-minbiziaren-pronostikoari-eragiten-dion-aztertzen-dugu","status":"publish","type":"post","link":"https:\/\/www.bio-sistemak.eus\/eu\/maila-sozioekonomikoak-kolon-ondesteko-eta-bularreko-minbiziaren-pronostikoari-eragiten-dion-aztertzen-dugu\/","title":{"rendered":"Maila sozioekonomikoak ba al du eraginik Euskadiko minbiziaren pronostikoan?"},"content":{"rendered":"<p><div class=\"fusion-fullwidth fullwidth-box fusion-builder-row-1 fusion-flex-container nonhundred-percent-fullwidth non-hundred-percent-height-scrolling\" style=\"--awb-border-radius-top-left:0px;--awb-border-radius-top-right:0px;--awb-border-radius-bottom-right:0px;--awb-border-radius-bottom-left:0px;--awb-flex-wrap:wrap;\" ><div class=\"fusion-builder-row fusion-row fusion-flex-align-items-flex-start fusion-flex-content-wrap\" style=\"max-width:1404px;margin-left: calc(-4% \/ 2 );margin-right: calc(-4% \/ 2 );\"><div class=\"fusion-layout-column fusion_builder_column fusion-builder-column-0 fusion_builder_column_1_1 1_1 fusion-flex-column\" style=\"--awb-bg-size:cover;--awb-width-large:100%;--awb-margin-top-large:0px;--awb-spacing-right-large:1.92%;--awb-margin-bottom-large:0px;--awb-spacing-left-large:1.92%;--awb-width-medium:100%;--awb-spacing-right-medium:1.92%;--awb-spacing-left-medium:1.92%;--awb-width-small:100%;--awb-spacing-right-small:1.92%;--awb-spacing-left-small:1.92%;\"><div class=\"fusion-column-wrapper fusion-flex-justify-content-flex-start fusion-content-layout-column\"><div class=\"fusion-text fusion-text-1\"><div class=\"fusion-text fusion-text-1\"><\/div>\n<h1>Maila sozioekonomikoak ba al du eraginik Euskadiko minbiziaren pronostikoan?<\/h1>\n<h4>Nerea Gonz\u00e1lez gure ikertzaileak argitaratu duen ikerketaren arabera, desberdintasun sozioekonomikoek ez dute eraginik hilkortasunean, gaixoberritzeetan eta berriro ospitaleratzeetan.<\/h4>\n<p>Biosistemak &#8220;<span style=\"color: #333399;\"><strong><a style=\"color: #333399;\" href=\"https:\/\/www.clinicalkey.es\/#!\/content\/playContent\/1-s2.0-S0213911125001037?returnurl=https:%2F%2Flinkinghub.elsevier.com%2Fretrieve%2Fpii%2FS0213911125001037%3Fshowall%3Dtrue&amp;referrer=https:%2F%2Fpubmed.ncbi.nlm.nih.gov%2F\" target=\"_blank\" rel=\"noopener\">Gabezia-indizearen eta EAEko kolon-ondesteko eta bularreko minbiziaren aurkako gertakarien arteko lotura<\/a><\/strong><\/span>&#8221; izeneko artikulu zientifikoa argitaratu berri du <a href=\"https:\/\/www.gacetasanitaria.org\/\"><strong>Gazeta Sanitarioan<\/strong><\/a>. Bertan, pertsona bat bizi den auzoaren maila sozioekonomikoak pronostiko onkologikoari eragiten dion aztertzen da.<\/p>\n<p><a href=\"http:\/\/www.bio-sistemak.eus\/wp-content\/uploads\/2026\/01\/Equidad-en-el-sistema-sanitario.png\"><img decoding=\"async\" class=\"aligncenter wp-image-19499 size-fusion-800\" src=\"http:\/\/www.bio-sistemak.eus\/wp-content\/uploads\/2026\/01\/Equidad-en-el-sistema-sanitario-800x547.png\" alt=\"\" width=\"800\" height=\"547\" srcset=\"https:\/\/www.bio-sistemak.eus\/wp-content\/uploads\/2026\/01\/Equidad-en-el-sistema-sanitario-200x137.png 200w, https:\/\/www.bio-sistemak.eus\/wp-content\/uploads\/2026\/01\/Equidad-en-el-sistema-sanitario-300x205.png 300w, https:\/\/www.bio-sistemak.eus\/wp-content\/uploads\/2026\/01\/Equidad-en-el-sistema-sanitario-400x274.png 400w, https:\/\/www.bio-sistemak.eus\/wp-content\/uploads\/2026\/01\/Equidad-en-el-sistema-sanitario-600x411.png 600w, https:\/\/www.bio-sistemak.eus\/wp-content\/uploads\/2026\/01\/Equidad-en-el-sistema-sanitario-768x525.png 768w, https:\/\/www.bio-sistemak.eus\/wp-content\/uploads\/2026\/01\/Equidad-en-el-sistema-sanitario-800x547.png 800w, https:\/\/www.bio-sistemak.eus\/wp-content\/uploads\/2026\/01\/Equidad-en-el-sistema-sanitario-1024x701.png 1024w, https:\/\/www.bio-sistemak.eus\/wp-content\/uploads\/2026\/01\/Equidad-en-el-sistema-sanitario-1200x821.png 1200w, https:\/\/www.bio-sistemak.eus\/wp-content\/uploads\/2026\/01\/Equidad-en-el-sistema-sanitario-1536x1051.png 1536w, https:\/\/www.bio-sistemak.eus\/wp-content\/uploads\/2026\/01\/Equidad-en-el-sistema-sanitario.png 1561w\" sizes=\"(max-width: 800px) 100vw, 800px\" \/><\/a><\/p>\n<p><span style=\"color: #333399;\"><strong><a style=\"color: #333399;\" href=\"https:\/\/www.linkedin.com\/in\/nerea-gonz%C3%A1lez-hern%C3%A1ndez-48883b88\/\" target=\"_blank\" rel=\"noopener\">Nerea Gonz\u00e1lez-Hern\u00e1ndez<\/a><\/strong><\/span> psikologian doktore eta <span style=\"color: #333399;\"><strong><a style=\"color: #333399;\" href=\"https:\/\/www.bio-sistemak.eus\/grupo-de-investigacion-servicios-de-salud-en-enfermedades-cronicas\/\" target=\"_blank\" rel=\"noopener\">Institutuko gaixotasun kronikoetako osasun-zerbitzuetako<\/a><\/strong><\/span> taldeko ikertzaileak sinatu du lehen egilea, taldeko ikertzaile nagusi <span style=\"color: #333399;\"><strong><a style=\"color: #333399;\" href=\"https:\/\/www.linkedin.com\/in\/mari-jose-legarreta-olabarrieta-b7148244\/\" target=\"_blank\" rel=\"noopener\">Mar\u00eda Jos\u00e9 Legarreta<\/a><\/strong><\/span>, <span style=\"color: #333399;\"><strong><a style=\"color: #333399;\" href=\"https:\/\/www.linkedin.com\/in\/urko-agirre-larrakoetxea-13498955\/\" target=\"_blank\" rel=\"noopener\">Urko Aguirre<\/a><\/strong><\/span>, Susana Garc\u00eda-Guti\u00e9rrez, Eduardo Mill\u00e1n, <span style=\"color: #333399;\"><strong><a style=\"color: #333399;\" href=\"https:\/\/www.linkedin.com\/in\/nere-larrea-aguirre-454b50226\/\" target=\"_blank\" rel=\"noopener\">Nere Larrea<\/a><\/strong><\/span> eta Jos\u00e9 M. Quintanarekin batera.<\/p>\n<h3>Ekitatea osasun-sisteman<\/h3>\n<p>Ondoren, <strong>kolon eta ondesteko minbizia zuten 2.549 pertsona<\/strong> (Osakidetzako 8 ospitaletan operatuta 2010-2012 aldian) eta <strong>bularreko minbizia zuten 1.090 emakume<\/strong> (6 ospitaletan diagnostikatuta 2013-2015 aldian) aztertu ziren. Euskal Autonomia Erkidegoko zentsu-eremuen arabera aztertu zen haren egoera sozioekonomikoa 2 eta 5 urtez, hilkortasuna, berrospitaleratzeak eta minbiziaren berrerortzeak neurtuz (tumorea berriro agertzen denean gaixotasunik gabeko denbora baten ondoren).<\/p>\n<p>Hasierako analisietan bularreko minbizian aldeak zeudela zirudien arren, adinaren, tumore-estadioaren eta beste gaixotasun batzuen arabera doitutako azterketek ondorioztatzen dute <strong>bizilekuko maila sozioekonomikoak ez duela eraginik hilkortasunean, berrospitaleratzeetan eta berrerortzeetan bi minbizietako batean ere<\/strong>. Horrek erakusten du euskal osasun-sistemak <strong>bidezko<\/strong> <strong>arreta eskaini ziela paziente horiei<\/strong>, pertsona bizi zen eremuko maila sozioekonomikoa edozein izanda ere.<\/p>\n<p>Benetan axola duena, besteak beste, adinean aurrera egitea, tumore erasokorragoak, aurretiko beste gaixotasun batzuk eta konplikazio kirurgikoak dira, ez etxeko posta-kodea.<\/p>\n<p><em>Artikuluaren erreferentzia:<\/em><\/p>\n<p>Gonz\u00e1lez-Hern\u00e1ndez N, Legarreta MJ, Aguirre U, Garc\u00eda-Guti\u00e9rrez S, Mill\u00e1n Ortuondo E, Larrea N, Quintana JM. Gabezia-indizearen eta kolon-ondesteko eta bularreko minbiziaren aurkako gertaeren arteko erlazioa Euskadin. Gac Sanit. 2025 Dec 17; 40:102549. Spanish. doi: 10.1016\/j.gaceta.2025.102549.<\/p>\n<\/div><\/div><\/div><\/div><\/div><div class=\"fusion-fullwidth fullwidth-box fusion-builder-row-2 fusion-flex-container nonhundred-percent-fullwidth non-hundred-percent-height-scrolling\" style=\"--awb-border-radius-top-left:0px;--awb-border-radius-top-right:0px;--awb-border-radius-bottom-right:0px;--awb-border-radius-bottom-left:0px;--awb-flex-wrap:wrap;\" ><\/div><\/p>\n","protected":false},"excerpt":{"rendered":"","protected":false},"author":18,"featured_media":19501,"comment_status":"closed","ping_status":"closed","sticky":false,"template":"","format":"standard","meta":{"footnotes":""},"categories":[198],"tags":[2415,2596,2413,2557,2556,2597],"class_list":["post-19510","post","type-post","status-publish","format-standard","has-post-thumbnail","hentry","category-kronikguneren-albisteak","tag-bularreko-minbizia","tag-cancer-colorrectal","tag-cancer-de-mama-eu","tag-ekitatea-osasunean","tag-equidad-en-salud-eu","tag-kolon-ondesteko-minbizia"],"yoast_head":"<!-- This site is optimized with the Yoast SEO plugin v26.7 - https:\/\/yoast.com\/wordpress\/plugins\/seo\/ -->\n<title>Minbiziaren maila sozioekonomikoa eta pronostikoa Euskadin<\/title>\n<meta name=\"description\" content=\"Nerea Gonz\u00e1lez gure ikertzaileak ikerketa bat argitaratu du desberdintasun sozioekonomikoek hilkortasunean eraginik ez dutela baieztatzeko.\" \/>\n<meta name=\"robots\" content=\"index, follow, max-snippet:-1, max-image-preview:large, max-video-preview:-1\" \/>\n<link rel=\"canonical\" href=\"https:\/\/www.bio-sistemak.eus\/eu\/maila-sozioekonomikoak-kolon-ondesteko-eta-bularreko-minbiziaren-pronostikoari-eragiten-dion-aztertzen-dugu\/\" \/>\n<meta property=\"og:locale\" content=\"en_US\" \/>\n<meta property=\"og:type\" content=\"article\" \/>\n<meta property=\"og:title\" content=\"Minbiziaren maila sozioekonomikoa eta pronostikoa Euskadin\" \/>\n<meta property=\"og:description\" content=\"Nerea Gonz\u00e1lez gure ikertzaileak ikerketa bat argitaratu du desberdintasun sozioekonomikoek hilkortasunean eraginik ez dutela baieztatzeko.\" \/>\n<meta property=\"og:url\" content=\"https:\/\/www.bio-sistemak.eus\/eu\/maila-sozioekonomikoak-kolon-ondesteko-eta-bularreko-minbiziaren-pronostikoari-eragiten-dion-aztertzen-dugu\/\" \/>\n<meta property=\"og:site_name\" content=\"Biosistemak\" \/>\n<meta property=\"article:published_time\" content=\"2026-01-14T10:00:46+00:00\" \/>\n<meta property=\"article:modified_time\" content=\"2026-01-14T10:18:46+00:00\" \/>\n<meta property=\"og:image\" content=\"http:\/\/www.bio-sistemak.eus\/wp-content\/uploads\/2026\/01\/Equidad-en-el-sistema-sanitario.png\" \/>\n\t<meta property=\"og:image:width\" content=\"1561\" \/>\n\t<meta property=\"og:image:height\" content=\"1068\" \/>\n\t<meta property=\"og:image:type\" content=\"image\/png\" \/>\n<meta name=\"author\" content=\"Biosistemak\" \/>\n<meta name=\"twitter:card\" content=\"summary_large_image\" \/>\n<meta name=\"twitter:label1\" content=\"Written by\" \/>\n\t<meta name=\"twitter:data1\" content=\"Biosistemak\" \/>\n\t<meta name=\"twitter:label2\" content=\"Est. reading time\" \/>\n\t<meta name=\"twitter:data2\" content=\"2 minutes\" \/>\n<script type=\"application\/ld+json\" class=\"yoast-schema-graph\">{\"@context\":\"https:\/\/schema.org\",\"@graph\":[{\"@type\":\"Article\",\"@id\":\"https:\/\/www.bio-sistemak.eus\/eu\/maila-sozioekonomikoak-kolon-ondesteko-eta-bularreko-minbiziaren-pronostikoari-eragiten-dion-aztertzen-dugu\/#article\",\"isPartOf\":{\"@id\":\"https:\/\/www.bio-sistemak.eus\/eu\/maila-sozioekonomikoak-kolon-ondesteko-eta-bularreko-minbiziaren-pronostikoari-eragiten-dion-aztertzen-dugu\/\"},\"author\":{\"name\":\"Biosistemak\",\"@id\":\"http:\/\/www.bio-sistemak.eus\/#\/schema\/person\/d47960e7d4d233c3208c8e556b7fa6e6\"},\"headline\":\"Maila sozioekonomikoak ba al du eraginik Euskadiko minbiziaren pronostikoan?\",\"datePublished\":\"2026-01-14T10:00:46+00:00\",\"dateModified\":\"2026-01-14T10:18:46+00:00\",\"mainEntityOfPage\":{\"@id\":\"https:\/\/www.bio-sistemak.eus\/eu\/maila-sozioekonomikoak-kolon-ondesteko-eta-bularreko-minbiziaren-pronostikoari-eragiten-dion-aztertzen-dugu\/\"},\"wordCount\":528,\"publisher\":{\"@id\":\"http:\/\/www.bio-sistemak.eus\/#organization\"},\"image\":{\"@id\":\"https:\/\/www.bio-sistemak.eus\/eu\/maila-sozioekonomikoak-kolon-ondesteko-eta-bularreko-minbiziaren-pronostikoari-eragiten-dion-aztertzen-dugu\/#primaryimage\"},\"thumbnailUrl\":\"https:\/\/www.bio-sistemak.eus\/wp-content\/uploads\/2026\/01\/Equidad-en-el-sistema-sanitario.png\",\"keywords\":[\"bularreko minbizia\",\"c\u00e1ncer colorrectal\",\"c\u00e1ncer de mama\",\"ekitatea osasunean\",\"equidad en salud\",\"kolon-ondesteko minbizia\"],\"articleSection\":[\"Kronikguneren albisteak\"],\"inLanguage\":\"eu-EU\"},{\"@type\":\"WebPage\",\"@id\":\"https:\/\/www.bio-sistemak.eus\/eu\/maila-sozioekonomikoak-kolon-ondesteko-eta-bularreko-minbiziaren-pronostikoari-eragiten-dion-aztertzen-dugu\/\",\"url\":\"https:\/\/www.bio-sistemak.eus\/eu\/maila-sozioekonomikoak-kolon-ondesteko-eta-bularreko-minbiziaren-pronostikoari-eragiten-dion-aztertzen-dugu\/\",\"name\":\"Minbiziaren maila sozioekonomikoa eta pronostikoa Euskadin\",\"isPartOf\":{\"@id\":\"http:\/\/www.bio-sistemak.eus\/#website\"},\"primaryImageOfPage\":{\"@id\":\"https:\/\/www.bio-sistemak.eus\/eu\/maila-sozioekonomikoak-kolon-ondesteko-eta-bularreko-minbiziaren-pronostikoari-eragiten-dion-aztertzen-dugu\/#primaryimage\"},\"image\":{\"@id\":\"https:\/\/www.bio-sistemak.eus\/eu\/maila-sozioekonomikoak-kolon-ondesteko-eta-bularreko-minbiziaren-pronostikoari-eragiten-dion-aztertzen-dugu\/#primaryimage\"},\"thumbnailUrl\":\"https:\/\/www.bio-sistemak.eus\/wp-content\/uploads\/2026\/01\/Equidad-en-el-sistema-sanitario.png\",\"datePublished\":\"2026-01-14T10:00:46+00:00\",\"dateModified\":\"2026-01-14T10:18:46+00:00\",\"description\":\"Nerea Gonz\u00e1lez gure ikertzaileak ikerketa bat argitaratu du desberdintasun sozioekonomikoek hilkortasunean eraginik ez dutela baieztatzeko.\",\"breadcrumb\":{\"@id\":\"https:\/\/www.bio-sistemak.eus\/eu\/maila-sozioekonomikoak-kolon-ondesteko-eta-bularreko-minbiziaren-pronostikoari-eragiten-dion-aztertzen-dugu\/#breadcrumb\"},\"inLanguage\":\"eu-EU\",\"potentialAction\":[{\"@type\":\"ReadAction\",\"target\":[\"https:\/\/www.bio-sistemak.eus\/eu\/maila-sozioekonomikoak-kolon-ondesteko-eta-bularreko-minbiziaren-pronostikoari-eragiten-dion-aztertzen-dugu\/\"]}]},{\"@type\":\"ImageObject\",\"inLanguage\":\"eu-EU\",\"@id\":\"https:\/\/www.bio-sistemak.eus\/eu\/maila-sozioekonomikoak-kolon-ondesteko-eta-bularreko-minbiziaren-pronostikoari-eragiten-dion-aztertzen-dugu\/#primaryimage\",\"url\":\"https:\/\/www.bio-sistemak.eus\/wp-content\/uploads\/2026\/01\/Equidad-en-el-sistema-sanitario.png\",\"contentUrl\":\"https:\/\/www.bio-sistemak.eus\/wp-content\/uploads\/2026\/01\/Equidad-en-el-sistema-sanitario.png\",\"width\":1561,\"height\":1068},{\"@type\":\"BreadcrumbList\",\"@id\":\"https:\/\/www.bio-sistemak.eus\/eu\/maila-sozioekonomikoak-kolon-ondesteko-eta-bularreko-minbiziaren-pronostikoari-eragiten-dion-aztertzen-dugu\/#breadcrumb\",\"itemListElement\":[{\"@type\":\"ListItem\",\"position\":1,\"name\":\"Hasiera\",\"item\":\"https:\/\/www.bio-sistemak.eus\/eu\/\"},{\"@type\":\"ListItem\",\"position\":2,\"name\":\"Maila sozioekonomikoak ba al du eraginik Euskadiko minbiziaren pronostikoan?\"}]},{\"@type\":\"WebSite\",\"@id\":\"http:\/\/www.bio-sistemak.eus\/#website\",\"url\":\"http:\/\/www.bio-sistemak.eus\/\",\"name\":\"Biosistemak\",\"description\":\"Plaza Asua, n\u00ba1 48150 Sondika (Bizkaia) e-mail: nuno@kronikgune.org  | Telefonoa: +34 94 453 85 00 (ext.210)  +34 94 453 68 96  Fax: +34 94 453 04 65\",\"publisher\":{\"@id\":\"http:\/\/www.bio-sistemak.eus\/#organization\"},\"alternateName\":\"https:\/\/www.bio-sistemak.eus\/\",\"potentialAction\":[{\"@type\":\"SearchAction\",\"target\":{\"@type\":\"EntryPoint\",\"urlTemplate\":\"http:\/\/www.bio-sistemak.eus\/?s={search_term_string}\"},\"query-input\":{\"@type\":\"PropertyValueSpecification\",\"valueRequired\":true,\"valueName\":\"search_term_string\"}}],\"inLanguage\":\"eu-EU\"},{\"@type\":\"Organization\",\"@id\":\"http:\/\/www.bio-sistemak.eus\/#organization\",\"name\":\"Biosistemak\",\"alternateName\":\"https:\/\/www.bio-sistemak.eus\/\",\"url\":\"http:\/\/www.bio-sistemak.eus\/\",\"logo\":{\"@type\":\"ImageObject\",\"inLanguage\":\"eu-EU\",\"@id\":\"http:\/\/www.bio-sistemak.eus\/#\/schema\/logo\/image\/\",\"url\":\"https:\/\/www.bio-sistemak.eus\/wp-content\/uploads\/2025\/12\/biosistemak-logyoast.png\",\"contentUrl\":\"https:\/\/www.bio-sistemak.eus\/wp-content\/uploads\/2025\/12\/biosistemak-logyoast.png\",\"width\":100,\"height\":100,\"caption\":\"Biosistemak\"},\"image\":{\"@id\":\"http:\/\/www.bio-sistemak.eus\/#\/schema\/logo\/image\/\"}},{\"@type\":\"Person\",\"@id\":\"http:\/\/www.bio-sistemak.eus\/#\/schema\/person\/d47960e7d4d233c3208c8e556b7fa6e6\",\"name\":\"Biosistemak\",\"image\":{\"@type\":\"ImageObject\",\"inLanguage\":\"eu-EU\",\"@id\":\"http:\/\/www.bio-sistemak.eus\/#\/schema\/person\/image\/\",\"url\":\"https:\/\/secure.gravatar.com\/avatar\/c1c8877ed0c86f3ae952daa0dc80933c6f37fbbcb279c55fca3a09e8a206a15e?s=96&d=mm&r=g\",\"contentUrl\":\"https:\/\/secure.gravatar.com\/avatar\/c1c8877ed0c86f3ae952daa0dc80933c6f37fbbcb279c55fca3a09e8a206a15e?s=96&d=mm&r=g\",\"caption\":\"Biosistemak\"},\"url\":\"https:\/\/www.bio-sistemak.eus\/eu\/author\/biosistemak\/\"}]}<\/script>\n<!-- \/ Yoast SEO plugin. -->","yoast_head_json":{"title":"Minbiziaren maila sozioekonomikoa eta pronostikoa Euskadin","description":"Nerea Gonz\u00e1lez gure ikertzaileak ikerketa bat argitaratu du desberdintasun sozioekonomikoek hilkortasunean eraginik ez dutela baieztatzeko.","robots":{"index":"index","follow":"follow","max-snippet":"max-snippet:-1","max-image-preview":"max-image-preview:large","max-video-preview":"max-video-preview:-1"},"canonical":"https:\/\/www.bio-sistemak.eus\/eu\/maila-sozioekonomikoak-kolon-ondesteko-eta-bularreko-minbiziaren-pronostikoari-eragiten-dion-aztertzen-dugu\/","og_locale":"en_US","og_type":"article","og_title":"Minbiziaren maila sozioekonomikoa eta pronostikoa Euskadin","og_description":"Nerea Gonz\u00e1lez gure ikertzaileak ikerketa bat argitaratu du desberdintasun sozioekonomikoek hilkortasunean eraginik ez dutela baieztatzeko.","og_url":"https:\/\/www.bio-sistemak.eus\/eu\/maila-sozioekonomikoak-kolon-ondesteko-eta-bularreko-minbiziaren-pronostikoari-eragiten-dion-aztertzen-dugu\/","og_site_name":"Biosistemak","article_published_time":"2026-01-14T10:00:46+00:00","article_modified_time":"2026-01-14T10:18:46+00:00","og_image":[{"width":1561,"height":1068,"url":"http:\/\/www.bio-sistemak.eus\/wp-content\/uploads\/2026\/01\/Equidad-en-el-sistema-sanitario.png","type":"image\/png"}],"author":"Biosistemak","twitter_card":"summary_large_image","twitter_misc":{"Written by":"Biosistemak","Est. reading time":"2 minutes"},"schema":{"@context":"https:\/\/schema.org","@graph":[{"@type":"Article","@id":"https:\/\/www.bio-sistemak.eus\/eu\/maila-sozioekonomikoak-kolon-ondesteko-eta-bularreko-minbiziaren-pronostikoari-eragiten-dion-aztertzen-dugu\/#article","isPartOf":{"@id":"https:\/\/www.bio-sistemak.eus\/eu\/maila-sozioekonomikoak-kolon-ondesteko-eta-bularreko-minbiziaren-pronostikoari-eragiten-dion-aztertzen-dugu\/"},"author":{"name":"Biosistemak","@id":"http:\/\/www.bio-sistemak.eus\/#\/schema\/person\/d47960e7d4d233c3208c8e556b7fa6e6"},"headline":"Maila sozioekonomikoak ba al du eraginik Euskadiko minbiziaren pronostikoan?","datePublished":"2026-01-14T10:00:46+00:00","dateModified":"2026-01-14T10:18:46+00:00","mainEntityOfPage":{"@id":"https:\/\/www.bio-sistemak.eus\/eu\/maila-sozioekonomikoak-kolon-ondesteko-eta-bularreko-minbiziaren-pronostikoari-eragiten-dion-aztertzen-dugu\/"},"wordCount":528,"publisher":{"@id":"http:\/\/www.bio-sistemak.eus\/#organization"},"image":{"@id":"https:\/\/www.bio-sistemak.eus\/eu\/maila-sozioekonomikoak-kolon-ondesteko-eta-bularreko-minbiziaren-pronostikoari-eragiten-dion-aztertzen-dugu\/#primaryimage"},"thumbnailUrl":"https:\/\/www.bio-sistemak.eus\/wp-content\/uploads\/2026\/01\/Equidad-en-el-sistema-sanitario.png","keywords":["bularreko minbizia","c\u00e1ncer colorrectal","c\u00e1ncer de mama","ekitatea osasunean","equidad en salud","kolon-ondesteko minbizia"],"articleSection":["Kronikguneren albisteak"],"inLanguage":"eu-EU"},{"@type":"WebPage","@id":"https:\/\/www.bio-sistemak.eus\/eu\/maila-sozioekonomikoak-kolon-ondesteko-eta-bularreko-minbiziaren-pronostikoari-eragiten-dion-aztertzen-dugu\/","url":"https:\/\/www.bio-sistemak.eus\/eu\/maila-sozioekonomikoak-kolon-ondesteko-eta-bularreko-minbiziaren-pronostikoari-eragiten-dion-aztertzen-dugu\/","name":"Minbiziaren maila sozioekonomikoa eta pronostikoa Euskadin","isPartOf":{"@id":"http:\/\/www.bio-sistemak.eus\/#website"},"primaryImageOfPage":{"@id":"https:\/\/www.bio-sistemak.eus\/eu\/maila-sozioekonomikoak-kolon-ondesteko-eta-bularreko-minbiziaren-pronostikoari-eragiten-dion-aztertzen-dugu\/#primaryimage"},"image":{"@id":"https:\/\/www.bio-sistemak.eus\/eu\/maila-sozioekonomikoak-kolon-ondesteko-eta-bularreko-minbiziaren-pronostikoari-eragiten-dion-aztertzen-dugu\/#primaryimage"},"thumbnailUrl":"https:\/\/www.bio-sistemak.eus\/wp-content\/uploads\/2026\/01\/Equidad-en-el-sistema-sanitario.png","datePublished":"2026-01-14T10:00:46+00:00","dateModified":"2026-01-14T10:18:46+00:00","description":"Nerea Gonz\u00e1lez gure ikertzaileak ikerketa bat argitaratu du desberdintasun sozioekonomikoek hilkortasunean eraginik ez dutela baieztatzeko.","breadcrumb":{"@id":"https:\/\/www.bio-sistemak.eus\/eu\/maila-sozioekonomikoak-kolon-ondesteko-eta-bularreko-minbiziaren-pronostikoari-eragiten-dion-aztertzen-dugu\/#breadcrumb"},"inLanguage":"eu-EU","potentialAction":[{"@type":"ReadAction","target":["https:\/\/www.bio-sistemak.eus\/eu\/maila-sozioekonomikoak-kolon-ondesteko-eta-bularreko-minbiziaren-pronostikoari-eragiten-dion-aztertzen-dugu\/"]}]},{"@type":"ImageObject","inLanguage":"eu-EU","@id":"https:\/\/www.bio-sistemak.eus\/eu\/maila-sozioekonomikoak-kolon-ondesteko-eta-bularreko-minbiziaren-pronostikoari-eragiten-dion-aztertzen-dugu\/#primaryimage","url":"https:\/\/www.bio-sistemak.eus\/wp-content\/uploads\/2026\/01\/Equidad-en-el-sistema-sanitario.png","contentUrl":"https:\/\/www.bio-sistemak.eus\/wp-content\/uploads\/2026\/01\/Equidad-en-el-sistema-sanitario.png","width":1561,"height":1068},{"@type":"BreadcrumbList","@id":"https:\/\/www.bio-sistemak.eus\/eu\/maila-sozioekonomikoak-kolon-ondesteko-eta-bularreko-minbiziaren-pronostikoari-eragiten-dion-aztertzen-dugu\/#breadcrumb","itemListElement":[{"@type":"ListItem","position":1,"name":"Hasiera","item":"https:\/\/www.bio-sistemak.eus\/eu\/"},{"@type":"ListItem","position":2,"name":"Maila sozioekonomikoak ba al du eraginik Euskadiko minbiziaren pronostikoan?"}]},{"@type":"WebSite","@id":"http:\/\/www.bio-sistemak.eus\/#website","url":"http:\/\/www.bio-sistemak.eus\/","name":"Biosistemak","description":"Plaza Asua, n\u00ba1 48150 Sondika (Bizkaia) e-mail: nuno@kronikgune.org  | Telefonoa: +34 94 453 85 00 (ext.210)  +34 94 453 68 96  Fax: +34 94 453 04 65","publisher":{"@id":"http:\/\/www.bio-sistemak.eus\/#organization"},"alternateName":"https:\/\/www.bio-sistemak.eus\/","potentialAction":[{"@type":"SearchAction","target":{"@type":"EntryPoint","urlTemplate":"http:\/\/www.bio-sistemak.eus\/?s={search_term_string}"},"query-input":{"@type":"PropertyValueSpecification","valueRequired":true,"valueName":"search_term_string"}}],"inLanguage":"eu-EU"},{"@type":"Organization","@id":"http:\/\/www.bio-sistemak.eus\/#organization","name":"Biosistemak","alternateName":"https:\/\/www.bio-sistemak.eus\/","url":"http:\/\/www.bio-sistemak.eus\/","logo":{"@type":"ImageObject","inLanguage":"eu-EU","@id":"http:\/\/www.bio-sistemak.eus\/#\/schema\/logo\/image\/","url":"https:\/\/www.bio-sistemak.eus\/wp-content\/uploads\/2025\/12\/biosistemak-logyoast.png","contentUrl":"https:\/\/www.bio-sistemak.eus\/wp-content\/uploads\/2025\/12\/biosistemak-logyoast.png","width":100,"height":100,"caption":"Biosistemak"},"image":{"@id":"http:\/\/www.bio-sistemak.eus\/#\/schema\/logo\/image\/"}},{"@type":"Person","@id":"http:\/\/www.bio-sistemak.eus\/#\/schema\/person\/d47960e7d4d233c3208c8e556b7fa6e6","name":"Biosistemak","image":{"@type":"ImageObject","inLanguage":"eu-EU","@id":"http:\/\/www.bio-sistemak.eus\/#\/schema\/person\/image\/","url":"https:\/\/secure.gravatar.com\/avatar\/c1c8877ed0c86f3ae952daa0dc80933c6f37fbbcb279c55fca3a09e8a206a15e?s=96&d=mm&r=g","contentUrl":"https:\/\/secure.gravatar.com\/avatar\/c1c8877ed0c86f3ae952daa0dc80933c6f37fbbcb279c55fca3a09e8a206a15e?s=96&d=mm&r=g","caption":"Biosistemak"},"url":"https:\/\/www.bio-sistemak.eus\/eu\/author\/biosistemak\/"}]}},"_links":{"self":[{"href":"https:\/\/www.bio-sistemak.eus\/eu\/wp-json\/wp\/v2\/posts\/19510","targetHints":{"allow":["GET"]}}],"collection":[{"href":"https:\/\/www.bio-sistemak.eus\/eu\/wp-json\/wp\/v2\/posts"}],"about":[{"href":"https:\/\/www.bio-sistemak.eus\/eu\/wp-json\/wp\/v2\/types\/post"}],"author":[{"embeddable":true,"href":"https:\/\/www.bio-sistemak.eus\/eu\/wp-json\/wp\/v2\/users\/18"}],"replies":[{"embeddable":true,"href":"https:\/\/www.bio-sistemak.eus\/eu\/wp-json\/wp\/v2\/comments?post=19510"}],"version-history":[{"count":5,"href":"https:\/\/www.bio-sistemak.eus\/eu\/wp-json\/wp\/v2\/posts\/19510\/revisions"}],"predecessor-version":[{"id":19520,"href":"https:\/\/www.bio-sistemak.eus\/eu\/wp-json\/wp\/v2\/posts\/19510\/revisions\/19520"}],"wp:featuredmedia":[{"embeddable":true,"href":"https:\/\/www.bio-sistemak.eus\/eu\/wp-json\/wp\/v2\/media\/19501"}],"wp:attachment":[{"href":"https:\/\/www.bio-sistemak.eus\/eu\/wp-json\/wp\/v2\/media?parent=19510"}],"wp:term":[{"taxonomy":"category","embeddable":true,"href":"https:\/\/www.bio-sistemak.eus\/eu\/wp-json\/wp\/v2\/categories?post=19510"},{"taxonomy":"post_tag","embeddable":true,"href":"https:\/\/www.bio-sistemak.eus\/eu\/wp-json\/wp\/v2\/tags?post=19510"}],"curies":[{"name":"wp","href":"https:\/\/api.w.org\/{rel}","templated":true}]}}